{"id":3012,"date":"2018-01-25T00:50:20","date_gmt":"2018-01-25T00:50:20","guid":{"rendered":"http:\/\/www.lindezaspa.com\/de\/?p=3012"},"modified":"2023-11-15T15:26:10","modified_gmt":"2023-11-15T20:26:10","slug":"debate-el-maquillaje-y-la-piel","status":"publish","type":"post","link":"https:\/\/www.lindezaspa.com\/de\/2018\/01\/25\/debate-el-maquillaje-y-la-piel\/","title":{"rendered":"\u00bfEl maquillaje da\u00f1a la piel?"},"content":{"rendered":"<p><em><strong>Texto: <a href=\"https:\/\/www.facebook.com\/SoyLizzChong\/\" target=\"_blank\" rel=\"noopener\">Lizz Chong<\/a><\/strong><\/em><\/p>\n<hr \/>\n<p style=\"padding-left: 60px; text-align: left;\"><em>Existe un mito alrededor del maquillaje, algunos piensan que su composici\u00f3n qu\u00edmica envejece la piel, y otros, que usarlo a diario causa la aparici\u00f3n de granitos, por ello consultamos a nuestras seguidoras de Instagram y a nuestro grupo en Facebook para descubrir qu\u00e9 opinaban acerca de las consecuencias de maquillarse. Los resultados, para nuestra sorpresa, fueron que el 72% de las mujeres encuestadas pensaban que el maquillaje s\u00ed da\u00f1a la piel y solo el 28% de ellas opinaba que no cre\u00edan que el maquillaje las perjudique.<\/em><hr class=\" hr_color\" style=\"margin:0 auto 30px;\"\/>\n<\/p>\n<p style=\"padding-left: 60px; text-align: left;\"><div class=\"idea_box\" style=\"\"><div class=\"icon\"><i class=\"icon-lamp\" aria-hidden=\"true\"><\/i><\/div><div class=\"desc\"><strong>La voz experta<\/strong><\/div><\/div>\n<p style=\"padding-left: 60px; text-align: left;\">Buscamos la consideraci\u00f3n profesional de Sussy Chong, nuestra cosmet\u00f3loga, y ella nos coment\u00f3 que hay factores que da\u00f1an la piel, pero no precisamente el maquillaje en s\u00ed, entres estos factores se pueden mencionar: la exposici\u00f3n solar, la contaminaci\u00f3n, el estr\u00e9s, los malos h\u00e1bitos alimenticios, los productos de mala calidad, la falta de higiene y la ausencia de cuidados profesionales peri\u00f3dicos.<\/p>\n<p style=\"padding-left: 60px; text-align: left;\">En su opini\u00f3n, el maquillaje muy pesado o cubritivo no es para ser usado todos los d\u00edas, ya que puede llegar a taponar los poros, por ello es mejor optar por bases ligeras, y que en su etiqueta digan \u00abno comedog\u00e9nicas\u00bb, tambi\u00e9n se debe investigar la procedencia del producto, su composici\u00f3n y para cu\u00e1l tipo de piel est\u00e1 indicado, antes de comprarlo y utilizarlo.<\/p>\n<p style=\"padding-left: 60px; text-align: left;\">Aunque se maquille a diario o no, la piel como m\u00ednimo una vez al mes debe pasar por una limpieza profesional, y a partir de los 25 a\u00f1os por cuidados espec\u00edficos para las necesidades que van surgiendo, como la p\u00e9rdida de elasticidad y firmeza, la aparici\u00f3n de manchas y l\u00edneas de expresi\u00f3n, el ensanchamiento de los poros o cambios hormonales repentinos que provocan acn\u00e9.<\/p>\n<p style=\"padding-left: 60px;\"><div class=\"idea_box\" style=\"\"><div class=\"icon\"><i class=\"icon-lamp\" aria-hidden=\"true\"><\/i><\/div><div class=\"desc\"><strong>El maquillaje diario<\/strong><\/div><\/div>\n<p style=\"padding-left: 60px; text-align: left;\">En mi experiencia como maquilladora y usuaria del maquillaje profesional, desde hace 9 a\u00f1os, considero que para el diario no se deber\u00eda utilizar productos con siliconas, ni bases o contornos cremosos, adem\u00e1s es muy mala costumbre tratar de prolongar el maquillaje por m\u00e1s de 10 horas. La mayor\u00eda de bases tienen un tiempo de duraci\u00f3n \u00f3ptima sobre la piel de alrededor de 5 horas, luego de esto deben ser retocadas, refrescadas con alg\u00fan t\u00f3nico, o retiradas por completo para una nueva aplicaci\u00f3n si es necesario.<\/p>\n<p style=\"padding-left: 60px; text-align: left;\"><img loading=\"lazy\" decoding=\"async\" class=\"alignnone wp-image-3037\" src=\"http:\/\/www.lindezaspa.com\/de\/wp-content\/uploads\/2018\/01\/Maquillaje_LindezaSpa2-300x79.jpg\" alt=\"\" width=\"881\" height=\"232\" srcset=\"https:\/\/www.lindezaspa.com\/de\/wp-content\/uploads\/2018\/01\/Maquillaje_LindezaSpa2-300x79.jpg 300w, https:\/\/www.lindezaspa.com\/de\/wp-content\/uploads\/2018\/01\/Maquillaje_LindezaSpa2-768x202.jpg 768w, https:\/\/www.lindezaspa.com\/de\/wp-content\/uploads\/2018\/01\/Maquillaje_LindezaSpa2-1024x270.jpg 1024w, https:\/\/www.lindezaspa.com\/de\/wp-content\/uploads\/2018\/01\/Maquillaje_LindezaSpa2-260x69.jpg 260w, https:\/\/www.lindezaspa.com\/de\/wp-content\/uploads\/2018\/01\/Maquillaje_LindezaSpa2-50x13.jpg 50w, https:\/\/www.lindezaspa.com\/de\/wp-content\/uploads\/2018\/01\/Maquillaje_LindezaSpa2-150x40.jpg 150w, https:\/\/www.lindezaspa.com\/de\/wp-content\/uploads\/2018\/01\/Maquillaje_LindezaSpa2-960x253.jpg 960w, https:\/\/www.lindezaspa.com\/de\/wp-content\/uploads\/2018\/01\/Maquillaje_LindezaSpa2-1200x316.jpg 1200w, https:\/\/www.lindezaspa.com\/de\/wp-content\/uploads\/2018\/01\/Maquillaje_LindezaSpa2-500x132.jpg 500w, https:\/\/www.lindezaspa.com\/de\/wp-content\/uploads\/2018\/01\/Maquillaje_LindezaSpa2-200x53.jpg 200w, https:\/\/www.lindezaspa.com\/de\/wp-content\/uploads\/2018\/01\/Maquillaje_LindezaSpa2.jpg 1366w\" sizes=\"auto, (max-width:767px) 480px, (max-width:881px) 100vw, 881px\" \/><\/p>\n<p style=\"padding-left: 60px; text-align: left;\">Las brochas y esponjas cumplen un papel importante para su aplicaci\u00f3n, siempre es recomendable que est\u00e9n cuidadas y limpias para no transmitir bacterias a la piel, que ocasionen acn\u00e9 y contaminen los productos. Al hablar de maquillaje tambi\u00e9n estamos incluyendo las sombras, delineadores, m\u00e1scaras de pesta\u00f1as y dem\u00e1s productos que se aplican en ojos, donde debe tenerse especial precauci\u00f3n y desecharlos en el tiempo que indica el envase para evitar molestias e irritaciones.<\/p>\n<p style=\"padding-left: 60px;\">Tambi\u00e9n es esencial recalcar que la cantidad de producto y la forma de aplicarlo\u00a0 influir\u00e1 en el cuidado o perjuicio de la piel, he visto a maquilladoras y a usuarias que lo hacen de una forma muy tosca, olvid\u00e1ndose que la piel se da\u00f1a por la mala manipulaci\u00f3n y que no se necesitan capas de capas de bases, contornos e iluminadores para reflejar belleza, aqu\u00ed siempre menos es m\u00e1s.<\/p>\n<p style=\"padding-left: 60px; text-align: left;\">Para concluir, coincido con Sussy al referirme en el cuidado profesional de la piel con tratamientos espec\u00edficos. En los primeros a\u00f1os de juventud la piel luce perfecta con casi nada, pero con el pasar del tiempo, hay que poner atenci\u00f3n para mantenerla radiante y saludable. No hay que esperar, prevenir es la clave.<\/p>\n<p style=\"padding-left: 60px; text-align: left;\">En Lindeza Spa existen <a href=\"http:\/\/www.lindezaspa.com\/de\/cuidado-facial-y-rejuvenecimiento-2\/\" target=\"_blank\" rel=\"noopener\">faciales complementarios<\/a> que incluyen limpieza profundas, estos tratamientos especializados y libres de dolor cubren las distintas necesidades que hemos notado en las pieles latinas.<\/p>\n<p style=\"text-align: center;\"><span class=\"highlight highlight-\" >\u00a0 <span style=\"color: #ffffff;\"><a href=\"http:\/\/www.lindezaspa.com\/de\/contact\/\" target=\"_blank\" rel=\"noopener\"><span style=\"color: #ffff99;\">Cotiza tu facial<\/span>\u00a0 <\/a><\/span><\/span>\n\u00a0\u00a0\u00a0\u00a0\u00a0\u00a0 <span class=\"highlight highlight-\" > <span style=\"color: #ffffff;\"><a href=\"mailto:cita@lindezaspa.com\" target=\"_blank\" rel=\"noopener\"><span style=\"color: #ffff00;\">Inscr\u00edbete en el curso de automaquillaje<\/span><\/a><\/span> <\/span>\n<\/p>\n<p style=\"text-align: left;\"><div class=\"share_wrapper share_item\"><span class=\"st_facebook_vcount\"><\/span><span class=\"st_twitter_vcount\"><\/span><span class=\"st_pinterest_vcount\"><\/span><\/div>\n","protected":false},"excerpt":{"rendered":"<p>Texto: Lizz Chong Existe un mito alrededor del maquillaje, algunos piensan que su composici\u00f3n qu\u00edmica envejece la piel, y otros, que usarlo a diario causa la<span class=\"excerpt-hellip\"> [\u2026]<\/span><\/p>\n","protected":false},"author":2,"featured_media":10686,"comment_status":"open","ping_status":"open","sticky":false,"template":"","format":"standard","meta":{"_exactmetrics_skip_tracking":false,"_exactmetrics_sitenote_active":false,"_exactmetrics_sitenote_note":"","_exactmetrics_sitenote_category":0,"footnotes":""},"categories":[33,58],"tags":[62,67,41,46,42,47,38,39,74,43,73,40,65,70,72,75,44,35,37,71],"class_list":["post-3012","post","type-post","status-publish","format-standard","has-post-thumbnail","hentry","category-facial","category-maquillaje","tag-automaquillaje","tag-color-del-2018","tag-cosmetologia","tag-dermapen","tag-estetica","tag-estetica-integral","tag-facial","tag-limpieza-facial","tag-lindeza-responde","tag-lindeza-spa","tag-lindeza-tips","tag-maquillaje","tag-maquillaje-ecuador","tag-maquillaje-profesional","tag-piel","tag-resena-de-maquillaje","tag-spa","tag-spa-en-guayaquil","tag-terapias","tag-tips-de-maquillaje"],"_links":{"self":[{"href":"https:\/\/www.lindezaspa.com\/de\/wp-json\/wp\/v2\/posts\/3012","targetHints":{"allow":["GET"]}}],"collection":[{"href":"https:\/\/www.lindezaspa.com\/de\/wp-json\/wp\/v2\/posts"}],"about":[{"href":"https:\/\/www.lindezaspa.com\/de\/wp-json\/wp\/v2\/types\/post"}],"author":[{"embeddable":true,"href":"https:\/\/www.lindezaspa.com\/de\/wp-json\/wp\/v2\/users\/2"}],"replies":[{"embeddable":true,"href":"https:\/\/www.lindezaspa.com\/de\/wp-json\/wp\/v2\/comments?post=3012"}],"version-history":[{"count":24,"href":"https:\/\/www.lindezaspa.com\/de\/wp-json\/wp\/v2\/posts\/3012\/revisions"}],"predecessor-version":[{"id":3048,"href":"https:\/\/www.lindezaspa.com\/de\/wp-json\/wp\/v2\/posts\/3012\/revisions\/3048"}],"wp:featuredmedia":[{"embeddable":true,"href":"https:\/\/www.lindezaspa.com\/de\/wp-json\/wp\/v2\/media\/10686"}],"wp:attachment":[{"href":"https:\/\/www.lindezaspa.com\/de\/wp-json\/wp\/v2\/media?parent=3012"}],"wp:term":[{"taxonomy":"category","embeddable":true,"href":"https:\/\/www.lindezaspa.com\/de\/wp-json\/wp\/v2\/categories?post=3012"},{"taxonomy":"post_tag","embeddable":true,"href":"https:\/\/www.lindezaspa.com\/de\/wp-json\/wp\/v2\/tags?post=3012"}],"curies":[{"name":"wp","href":"https:\/\/api.w.org\/{rel}","templated":true}]}}